{"id":5871,"date":"2025-12-16T15:22:12","date_gmt":"2025-12-16T15:22:12","guid":{"rendered":"https:\/\/madameflihan.com\/?p=5871"},"modified":"2025-12-17T18:55:16","modified_gmt":"2025-12-17T18:55:16","slug":"uma-selecao-sazonal-de-obras-de-arte-originais-para-oferecer-com-significado","status":"publish","type":"post","link":"https:\/\/madameflihan.com\/pt\/a-curated-seasonal-selection-original-artworks-to-gift-with-meaning\/","title":{"rendered":"Uma sele\u00e7\u00e3o sazonal com curadoria: Obras de arte originais para oferecer com significado"},"content":{"rendered":"<p class=\"wp-block-paragraph\"><\/p>\n\n\n\n<h2 class=\"wp-block-heading\"><\/h2>\n\n\n\n<p class=\"wp-block-paragraph\">Nesta \u00e9poca, a Madameflihan Art Gallery apresenta uma sele\u00e7\u00e3o cuidadosamente selecionada de obras de arte originais escolhidas com um \u00fanico objetivo: tornarem-se presentes inesquec\u00edveis. Enquanto muitos presentes s\u00e3o tempor\u00e1rios, a arte original tem um valor emocional e cultural duradouro. Vive nas paredes, nas mem\u00f3rias e atrav\u00e9s das gera\u00e7\u00f5es, o que faz dela um dos presentes mais significativos que se pode oferecer.<\/p>\n\n\n\n<p class=\"wp-block-paragraph\">A nossa cole\u00e7\u00e3o sazonal re\u00fane artistas contempor\u00e2neos e modernos cujas obras falam de introspe\u00e7\u00e3o, beleza e individualidade. Cada pe\u00e7a foi selecionada n\u00e3o s\u00f3 pelo seu m\u00e9rito art\u00edstico, mas tamb\u00e9m pela sua capacidade de estabelecer uma liga\u00e7\u00e3o profunda com o espetador, o que a torna ideal para coleccionadores, amantes de arte e aqueles que procuram um presente verdadeiramente distinto.<\/p>\n\n\n\n<div style=\"height:59px\" aria-hidden=\"true\" class=\"wp-block-spacer\"><\/div>\n\n\n\n<h3 class=\"wp-block-heading\"><strong><strong>As fantasias<\/strong><\/strong>- <strong>Sheila Gormley<\/strong><\/h3>\n\n\n\n<figure class=\"wp-block-image size-large\"><img loading=\"lazy\" decoding=\"async\" width=\"1024\" height=\"886\" src=\"https:\/\/madameflihan.com\/wp-content\/uploads\/2025\/12\/IMG_4322-1-1-1024x886.png\" alt=\"\" class=\"wp-image-5886\" title=\"\" srcset=\"https:\/\/madameflihan.com\/wp-content\/uploads\/2025\/12\/IMG_4322-1-1-1024x886.png 1024w, https:\/\/madameflihan.com\/wp-content\/uploads\/2025\/12\/IMG_4322-1-1-980x848.png 980w, https:\/\/madameflihan.com\/wp-content\/uploads\/2025\/12\/IMG_4322-1-1-480x415.png 480w\" sizes=\"(min-width: 0px) and (max-width: 480px) 480px, (min-width: 481px) and (max-width: 980px) 980px, (min-width: 981px) 1024px, 100vw\" \/><\/figure>\n\n\n\n<p class=\"wp-block-paragraph\">\u00d3leo sobre tela | 25x35cm |<strong> \u20ac450<\/strong><\/p>\n\n\n\n<p class=\"wp-block-paragraph\">Uma explora\u00e7\u00e3o cativante do et\u00e9reo e do invis\u00edvel. As tr\u00eas figuras estilizadas servem como met\u00e1fora para os aspectos intang\u00edveis da exist\u00eancia humana, talvez representando mem\u00f3rias, sonhos ou a mente subconsciente. <\/p>\n\n\n\n<p class=\"wp-block-paragraph\">O t\u00edtulo da obra de arte, \u201cLas fantasmas\u201d (Os fantasmas), sugere o fasc\u00ednio de Gormley pelo espa\u00e7o liminar entre a realidade e a imagina\u00e7\u00e3o. O estilo direto da composi\u00e7\u00e3o pode ser interpretado como um coment\u00e1rio sobre o imediatismo das experi\u00eancias e emo\u00e7\u00f5es humanas. <\/p>\n\n\n\n<div class=\"wp-block-buttons is-layout-flex wp-block-buttons-is-layout-flex\">\n<div class=\"wp-block-button\"><a class=\"wp-block-button__link wp-element-button\" href=\"https:\/\/madameflihan.com\/pt\/produto\/os-fantasmas\/\">Explorar esta pe\u00e7a<\/a><\/div>\n<\/div>\n\n\n\n<div style=\"height:70px\" aria-hidden=\"true\" class=\"wp-block-spacer\"><\/div>\n\n\n\n<h3 class=\"wp-block-heading\"><strong><strong>Manuel Otero - formas proyecto (1986)<\/strong><\/strong><\/h3>\n\n\n\n<figure class=\"wp-block-image size-full\"><img loading=\"lazy\" decoding=\"async\" width=\"1024\" height=\"888\" src=\"https:\/\/madameflihan.com\/wp-content\/uploads\/2025\/12\/IMG_4346.png\" alt=\"\" class=\"wp-image-5878\" title=\"\" srcset=\"https:\/\/madameflihan.com\/wp-content\/uploads\/2025\/12\/IMG_4346.png 1024w, https:\/\/madameflihan.com\/wp-content\/uploads\/2025\/12\/IMG_4346-980x850.png 980w, https:\/\/madameflihan.com\/wp-content\/uploads\/2025\/12\/IMG_4346-480x416.png 480w\" sizes=\"(min-width: 0px) and (max-width: 480px) 480px, (min-width: 481px) and (max-width: 980px) 980px, (min-width: 981px) 1024px, 100vw\" \/><\/figure>\n\n\n\n<p class=\"wp-block-paragraph\"><strong>Esmalte sobre cart\u00e3o | 38 x 46 cm | 650 euros<\/strong><\/p>\n\n\n\n<p class=\"wp-block-paragraph\">Um exemplo sofisticado de abstra\u00e7\u00e3o geom\u00e9trica, <em>Projeto de formul\u00e1rios<\/em> reflecte a vis\u00e3o modernista madura de Manuel Otero. Atrav\u00e9s de uma composi\u00e7\u00e3o precisa e de um equil\u00edbrio espacial, o artista desconstr\u00f3i as formas arquitect\u00f3nicas, transformando-as em poesia visual.<\/p>\n\n\n\n<p class=\"wp-block-paragraph\">Esta obra hist\u00f3rica e intemporal \u00e9 ideal para coleccionadores de arte moderna e latino-americana, oferecendo profundidade intelectual e presen\u00e7a est\u00e9tica refinada.<\/p>\n\n\n\n<div class=\"wp-block-buttons is-layout-flex wp-block-buttons-is-layout-flex\">\n<div class=\"wp-block-button\"><a class=\"wp-block-button__link wp-element-button\" href=\"https:\/\/madameflihan.com\/pt\/produto\/962\/\">Explorar esta pe\u00e7a<\/a><\/div>\n<\/div>\n\n\n\n<div style=\"height:100px\" aria-hidden=\"true\" class=\"wp-block-spacer\"><\/div>\n\n\n\n<h3 class=\"wp-block-heading\"><strong>Iwy Pugur Bali<\/strong><\/h3>\n\n\n\n<figure class=\"wp-block-image size-full\"><img loading=\"lazy\" decoding=\"async\" width=\"1024\" height=\"839\" src=\"https:\/\/madameflihan.com\/wp-content\/uploads\/2025\/12\/iwypugurbali.png\" alt=\"\" class=\"wp-image-5882\" title=\"\" srcset=\"https:\/\/madameflihan.com\/wp-content\/uploads\/2025\/12\/iwypugurbali.png 1024w, https:\/\/madameflihan.com\/wp-content\/uploads\/2025\/12\/iwypugurbali-980x803.png 980w, https:\/\/madameflihan.com\/wp-content\/uploads\/2025\/12\/iwypugurbali-480x393.png 480w\" sizes=\"(min-width: 0px) and (max-width: 480px) 480px, (min-width: 481px) and (max-width: 980px) 980px, (min-width: 981px) 1024px, 100vw\" \/><\/figure>\n\n\n\n<p class=\"wp-block-paragraph\"><strong>Acr\u00edlico sobre tela | 70 x 87 cm | \u20ac690<\/strong><\/p>\n\n\n\n<p class=\"wp-block-paragraph\">Esta obra vibrante de I Wayan Pugur capta o esp\u00edrito das paisagens balinesas atrav\u00e9s de um estilo distinto de arte popular. Os verdes arrojados dominam a composi\u00e7\u00e3o, evocando campos de arroz e vegeta\u00e7\u00e3o tropical, enquanto os planos e as formas simplificadas transmitem harmonia e alegria.<\/p>\n\n\n\n<p class=\"wp-block-paragraph\">Rica em identidade cultural e calor visual, esta pintura \u00e9 um presente maravilhoso para quem gosta de cores, viagens e arte que irradia otimismo.<\/p>\n\n\n\n<div class=\"wp-block-buttons is-layout-flex wp-block-buttons-is-layout-flex\">\n<div class=\"wp-block-button\"><a class=\"wp-block-button__link wp-element-button\" href=\"https:\/\/madameflihan.com\/pt\/produto\/iwy-pugur-bali\/\">Explorar esta pe\u00e7a<\/a><\/div>\n<\/div>\n\n\n\n<div style=\"height:44px\" aria-hidden=\"true\" class=\"wp-block-spacer\"><\/div>\n\n\n\n<h3 class=\"wp-block-heading\"><strong>Vicente Giner Valls - <em>S\u00e3o Jo\u00e3o de Luz<\/em><\/strong><\/h3>\n\n\n\n<figure class=\"wp-block-image size-full\"><img loading=\"lazy\" decoding=\"async\" width=\"960\" height=\"714\" src=\"https:\/\/madameflihan.com\/wp-content\/uploads\/2025\/12\/0055-1.jpg\" alt=\"\" class=\"wp-image-5876\" title=\"\" srcset=\"https:\/\/madameflihan.com\/wp-content\/uploads\/2025\/12\/0055-1.jpg 960w, https:\/\/madameflihan.com\/wp-content\/uploads\/2025\/12\/0055-1-480x357.jpg 480w\" sizes=\"(min-width: 0px) and (max-width: 480px) 480px, (min-width: 481px) 960px, 100vw\" \/><\/figure>\n\n\n\n<p class=\"wp-block-paragraph\"><strong>\u00d3leo sobre tela | 60 x 81 cm | \u20ac2990<\/strong><\/p>\n\n\n\n<p class=\"wp-block-paragraph\">Esta cena mar\u00edtima evocativa capta um porto tranquilo onde os barcos de pesca repousam em \u00e1guas calmas. Vicente Giner Valls emprega uma paleta contida de azuis suaves, cinzentos e ocres, pontuada por subtis acentos vermelhos, criando uma sensa\u00e7\u00e3o de quietude po\u00e9tica.<\/p>\n\n\n\n<p class=\"wp-block-paragraph\">Equil\u00edbrio entre realismo e sensibilidade impressionista, <em>S\u00e3o Jo\u00e3o de Luz<\/em> \u00e9 uma medita\u00e7\u00e3o sobre o tempo, a mem\u00f3ria e a beleza tranquila. \u00c9 um presente perfeito para os amantes das paisagens costeiras, da serenidade e das tradi\u00e7\u00f5es cl\u00e1ssicas da pintura europeia.<\/p>\n\n\n\n<div class=\"wp-block-buttons is-layout-flex wp-block-buttons-is-layout-flex\">\n<div class=\"wp-block-button\"><a class=\"wp-block-button__link wp-element-button\" href=\"https:\/\/madameflihan.com\/pt\/produto\/san-juan-de-luz\/\">Explorar esta pe\u00e7a<\/a><\/div>\n<\/div>\n\n\n\n<div style=\"height:44px\" aria-hidden=\"true\" class=\"wp-block-spacer\"><\/div>\n\n\n\n<h3 class=\"wp-block-heading\"><strong>Fraquies - Sem t\u00edtulo<\/strong><\/h3>\n\n\n\n<figure class=\"wp-block-image size-full\"><img loading=\"lazy\" decoding=\"async\" width=\"833\" height=\"951\" src=\"https:\/\/madameflihan.com\/wp-content\/uploads\/2025\/12\/192-1.jpg\" alt=\"\" class=\"wp-image-5877\" title=\"\" srcset=\"https:\/\/madameflihan.com\/wp-content\/uploads\/2025\/12\/192-1.jpg 833w, https:\/\/madameflihan.com\/wp-content\/uploads\/2025\/12\/192-1-480x548.jpg 480w\" sizes=\"(min-width: 0px) and (max-width: 480px) 480px, (min-width: 481px) 833px, 100vw\" \/><\/figure>\n\n\n\n<p class=\"wp-block-paragraph\"><strong>Acr\u00edlico sobre cart\u00e3o | 45 x 36 cm | 900 \u20ac<\/strong><\/p>\n\n\n\n<p class=\"wp-block-paragraph\">Esta obra abstrata din\u00e2mica de Fraquies est\u00e1 cheia de movimento e cor. Formas org\u00e2nicas e fluidas flutuam sobre um fundo escuro, sugerindo interpreta\u00e7\u00f5es biol\u00f3gicas, c\u00f3smicas ou emocionais. A paleta vibrante e a repeti\u00e7\u00e3o r\u00edtmica criam uma sensa\u00e7\u00e3o de transforma\u00e7\u00e3o e energia.<\/p>\n\n\n\n<p class=\"wp-block-paragraph\">Uma excelente prenda para os entusiastas da arte contempor\u00e2nea, esta pe\u00e7a convida \u00e0 interpreta\u00e7\u00e3o pessoal e traz vitalidade a qualquer espa\u00e7o.<\/p>\n\n\n\n<div class=\"wp-block-buttons is-layout-flex wp-block-buttons-is-layout-flex\">\n<div class=\"wp-block-button\"><a class=\"wp-block-button__link wp-element-button\" href=\"https:\/\/madameflihan.com\/pt\/produto\/abstracao-biomorfica\/\">Explorar esta pe\u00e7a<\/a><\/div>\n<\/div>\n\n\n\n<div style=\"height:70px\" aria-hidden=\"true\" class=\"wp-block-spacer\"><\/div>\n\n\n\n<h3 class=\"wp-block-heading\"><strong>Bel\u00e9n Elorrieta - <em>La Merienda<\/em><\/strong><\/h3>\n\n\n\n<figure class=\"wp-block-image size-large\"><img loading=\"lazy\" decoding=\"async\" width=\"832\" height=\"1024\" src=\"http:\/\/madameflihan.com\/wp-content\/uploads\/2025\/12\/IMG_4139-copia-2-832x1024.png\" alt=\"\" class=\"wp-image-5873\" title=\"\"><\/figure>\n\n\n\n<p class=\"wp-block-paragraph\"><strong>\u00d3leo sobre tela | 92 x 73 x 2 cm | 1.800 euros<\/strong><\/p>\n\n\n\n<p class=\"wp-block-paragraph\"><em>La Merienda<\/em> \u00e9 um exemplo refinado da linguagem figurativa de Bel\u00e9n Elorrieta, onde os momentos de tranquilidade s\u00e3o o centro das aten\u00e7\u00f5es. A pintura retrata uma figura solit\u00e1ria absorta na leitura, oferecendo uma sensa\u00e7\u00e3o de calma e introspe\u00e7\u00e3o. Atrav\u00e9s de cores expressivas e formas simplificadas, Elorrieta transforma uma cena quotidiana numa experi\u00eancia contemplativa.<\/p>\n\n\n\n<p class=\"wp-block-paragraph\">Esta obra de arte celebra a solid\u00e3o, a aten\u00e7\u00e3o plena e a beleza subtil dos rituais di\u00e1rios. \u00c9 um presente ideal para quem aprecia interiores atenciosos e arte que convida \u00e0 reflex\u00e3o - uma pe\u00e7a intemporal que se torna mais rica com o tempo.<\/p>\n\n\n\n<div class=\"wp-block-buttons is-layout-flex wp-block-buttons-is-layout-flex\">\n<div class=\"wp-block-button\"><a class=\"wp-block-button__link wp-element-button\" href=\"https:\/\/madameflihan.com\/pt\/produto\/a-merenda\/\">Explorar esta pe\u00e7a<\/a><\/div>\n<\/div>\n\n\n\n<div style=\"height:74px\" aria-hidden=\"true\" class=\"wp-block-spacer\"><\/div>\n\n\n\n<h3 class=\"wp-block-heading\"><strong>Ricardo Freijo Larios - <em>Evas\u00e3o<\/em><\/strong><\/h3>\n\n\n\n<figure class=\"wp-block-image size-large\"><img loading=\"lazy\" decoding=\"async\" width=\"702\" height=\"1024\" src=\"https:\/\/madameflihan.com\/wp-content\/uploads\/2025\/12\/0052-702x1024.jpg\" alt=\"\" class=\"wp-image-5874\" title=\"\"><\/figure>\n\n\n\n<p class=\"wp-block-paragraph\"><strong>\u00d3leo sobre tela | 100 x 70 cm | 1.200 euros<\/strong><\/p>\n\n\n\n<p class=\"wp-block-paragraph\">Em <em>Evas\u00e3o<\/em>, Ricardo Freijo Larios explora a tens\u00e3o entre a conten\u00e7\u00e3o e a liberdade. Uma figura sentada, rodeada por um impressionante fundo verde, parece presa num di\u00e1logo interno. O ousado chap\u00e9u vermelho introduz uma nota de individualidade e rebeldia silenciosa, contrastando com a formalidade do fato escuro.<\/p>\n\n\n\n<p class=\"wp-block-paragraph\">Esta pintura fala de paisagens emocionais modernas - introspe\u00e7\u00e3o, identidade e o desejo de escapar aos limites impostos. \u00c9 uma prenda poderosa e expressiva para coleccionadores atra\u00eddos pela arte figurativa contempor\u00e2nea orientada para a narrativa.<\/p>\n\n\n\n<div class=\"wp-block-buttons is-layout-flex wp-block-buttons-is-layout-flex\">\n<div class=\"wp-block-button\"><a class=\"wp-block-button__link wp-element-button\" href=\"https:\/\/madameflihan.com\/pt\/produto\/fuga-2\/\">Explorar esta pe\u00e7a<\/a><\/div>\n<\/div>\n\n\n\n<div style=\"height:67px\" aria-hidden=\"true\" class=\"wp-block-spacer\"><\/div>\n\n\n\n<p class=\"wp-block-paragraph\"><\/p>\n\n\n\n<h2 class=\"wp-block-heading\">Arte para oferecer que dura uma vida inteira<\/h2>\n\n\n\n<p class=\"wp-block-paragraph\">Na Madameflihan Art Gallery, acreditamos que oferecer arte \u00e9 um ato de inten\u00e7\u00e3o. Cada obra de arte desta sele\u00e7\u00e3o sazonal foi escolhida para perdurar - emocional, visual e culturalmente. Quer esteja a oferecer um presente a um ente querido ou a investir numa pe\u00e7a significativa para si, a nossa cole\u00e7\u00e3o oferece arte que continuar\u00e1 a ressoar muito depois do fim da esta\u00e7\u00e3o.<\/p>\n\n\n\n<p class=\"wp-block-paragraph\">Envie-nos uma mensagem e obtenha uma proposta art\u00edstica personalizada hoje mesmo.<\/p>\n\n\n\n<p class=\"wp-block-paragraph\"><\/p>","protected":false},"excerpt":{"rendered":"<p>This season, Madameflihan Art Gallery presents a carefully curated selection of original artworks chosen for one purpose: to become unforgettable gifts. While many presents are temporary, original art carries lasting emotional and cultural value. It lives on walls, in memories, and across generations\u2014making it one of the most meaningful gifts one can give. Our seasonal [&hellip;]<\/p>\n","protected":false},"author":3,"featured_media":5872,"comment_status":"open","ping_status":"open","sticky":false,"template":"","format":"standard","meta":{"_acf_changed":false,"_et_pb_use_builder":"off","_et_pb_old_content":"","_et_gb_content_width":"","footnotes":""},"categories":[1],"tags":[],"class_list":["post-5871","post","type-post","status-publish","format-standard","has-post-thumbnail","hentry","category-uncategorized"],"acf":[],"_links":{"self":[{"href":"https:\/\/madameflihan.com\/pt\/wp-json\/wp\/v2\/posts\/5871","targetHints":{"allow":["GET"]}}],"collection":[{"href":"https:\/\/madameflihan.com\/pt\/wp-json\/wp\/v2\/posts"}],"about":[{"href":"https:\/\/madameflihan.com\/pt\/wp-json\/wp\/v2\/types\/post"}],"author":[{"embeddable":true,"href":"https:\/\/madameflihan.com\/pt\/wp-json\/wp\/v2\/users\/3"}],"replies":[{"embeddable":true,"href":"https:\/\/madameflihan.com\/pt\/wp-json\/wp\/v2\/comments?post=5871"}],"version-history":[{"count":8,"href":"https:\/\/madameflihan.com\/pt\/wp-json\/wp\/v2\/posts\/5871\/revisions"}],"predecessor-version":[{"id":5933,"href":"https:\/\/madameflihan.com\/pt\/wp-json\/wp\/v2\/posts\/5871\/revisions\/5933"}],"wp:featuredmedia":[{"embeddable":true,"href":"https:\/\/madameflihan.com\/pt\/wp-json\/wp\/v2\/media\/5872"}],"wp:attachment":[{"href":"https:\/\/madameflihan.com\/pt\/wp-json\/wp\/v2\/media?parent=5871"}],"wp:term":[{"taxonomy":"category","embeddable":true,"href":"https:\/\/madameflihan.com\/pt\/wp-json\/wp\/v2\/categories?post=5871"},{"taxonomy":"post_tag","embeddable":true,"href":"https:\/\/madameflihan.com\/pt\/wp-json\/wp\/v2\/tags?post=5871"}],"curies":[{"name":"wp","href":"https:\/\/api.w.org\/{rel}","templated":true}]}}