{"id":6022,"date":"2026-01-21T15:43:10","date_gmt":"2026-01-21T15:43:10","guid":{"rendered":"https:\/\/madameflihan.com\/?p=6022"},"modified":"2026-01-21T16:09:52","modified_gmt":"2026-01-21T16:09:52","slug":"o-fascinio-intemporal-dos-retratos-porque-e-que-os-rostos-nos-cativam","status":"publish","type":"post","link":"https:\/\/madameflihan.com\/pt\/the-timeless-allure-of-portraits-why-faces-captivate-us\/","title":{"rendered":"o fasc\u00ednio intemporal dos retratos: Porque \u00e9 que os rostos nos cativam"},"content":{"rendered":"<p class=\"wp-block-paragraph\">Porque \u00e9 que somos atra\u00eddos pelos retratos, mesmo quando n\u00e3o conhecemos a pessoa que est\u00e1 a olhar para n\u00f3s? Porque os rostos chamam a nossa aten\u00e7\u00e3o. Na arte, nas redes sociais e na nossa vida quotidiana, s\u00e3o a forma mais imediata e \u00edntima de liga\u00e7\u00e3o humana. Desde as molduras douradas das galerias renascentistas at\u00e9 aos pequenos ecr\u00e3s dos nossos smartphones, o rosto humano continua a ser o tema mais atraente da arte.<\/p>\n\n\n\n<div style=\"height:47px\" aria-hidden=\"true\" class=\"wp-block-spacer\"><\/div>\n\n\n\n<h2 class=\"wp-block-heading\">Uma viagem pela hist\u00f3ria do retrato<\/h2>\n\n\n\n<figure class=\"wp-block-image size-large\"><img loading=\"lazy\" decoding=\"async\" width=\"1024\" height=\"576\" src=\"https:\/\/madameflihan.com\/wp-content\/uploads\/2026\/01\/mummy-portrait-1024x576.jpg\" alt=\"\" class=\"wp-image-6030\" title=\"\" srcset=\"https:\/\/madameflihan.com\/wp-content\/uploads\/2026\/01\/mummy-portrait-980x551.jpg 980w, https:\/\/madameflihan.com\/wp-content\/uploads\/2026\/01\/mummy-portrait-480x270.jpg 480w\" sizes=\"(min-width: 0px) and (max-width: 480px) 480px, (min-width: 481px) and (max-width: 980px) 980px, (min-width: 981px) 1024px, 100vw\" \/><\/figure>\n\n\n\n<p class=\"wp-block-paragraph\">O retrato tem uma longa e fascinante hist\u00f3ria. No antigo Egito, os retratos funer\u00e1rios eram pintados em pain\u00e9is de madeira para acompanhar o falecido na vida ap\u00f3s a morte, imortalizando a mem\u00f3ria e o estatuto. Os romanos aperfei\u00e7oaram o busto realista, captando n\u00e3o s\u00f3 os tra\u00e7os f\u00edsicos, mas tamb\u00e9m o car\u00e1cter dos seus s\u00fabditos.<\/p>\n\n\n\n<p class=\"wp-block-paragraph\">Com o Renascimento, o retrato tornou-se uma celebra\u00e7\u00e3o da identidade individual e da posi\u00e7\u00e3o social. Artistas como Leonardo da Vinci e Hans Holbein transformaram o g\u00e9nero num di\u00e1logo entre o retratado e o espetador, colocando simbolismo, estatuto e uma narrativa subtil em cada olhar. Os retratos tornaram-se mais do que semelhan\u00e7as; eram registos de vidas, narrativas pessoais e reflexos de valores culturais.<\/p>\n\n\n\n<p class=\"wp-block-paragraph\">Ainda hoje, num mundo dominado por selfies e hist\u00f3rias do Instagram, o desejo de ser visto - e de ver os outros - persiste. Os retratos, sejam eles cl\u00e1ssicos ou contempor\u00e2neos, continuam a servir de espelho: procuramos liga\u00e7\u00e3o, empatia e compreens\u00e3o atrav\u00e9s dos rostos dos outros. Estar diante de um retrato \u00e9 entrar numa conversa silenciosa com outro ser humano, atrav\u00e9s do tempo, do espa\u00e7o e das circunst\u00e2ncias.<\/p>\n\n\n\n<div style=\"height:53px\" aria-hidden=\"true\" class=\"wp-block-spacer\"><\/div>\n\n\n\n<h2 class=\"wp-block-heading\">O poder magn\u00e9tico do olhar<\/h2>\n\n\n\n<figure class=\"wp-block-image size-large\"><img loading=\"lazy\" decoding=\"async\" width=\"1024\" height=\"536\" src=\"https:\/\/madameflihan.com\/wp-content\/uploads\/2026\/01\/edouardchimot-1024x536.jpg\" alt=\"\" class=\"wp-image-6027\" title=\"\" srcset=\"https:\/\/madameflihan.com\/wp-content\/uploads\/2026\/01\/edouardchimot-1024x536.jpg 1024w, https:\/\/madameflihan.com\/wp-content\/uploads\/2026\/01\/edouardchimot-980x513.jpg 980w, https:\/\/madameflihan.com\/wp-content\/uploads\/2026\/01\/edouardchimot-480x251.jpg 480w\" sizes=\"(min-width: 0px) and (max-width: 480px) 480px, (min-width: 481px) and (max-width: 980px) 980px, (min-width: 981px) 1024px, 100vw\" \/><\/figure>\n\n\n\n<p class=\"wp-block-paragraph\">H\u00e1 algo de quase magn\u00e9tico num rosto que olha para n\u00f3s. A neuroci\u00eancia diz-nos que os seres humanos reconhecem rostos em milissegundos. Um retrato cria a ilus\u00e3o do encontro: algu\u00e9m que h\u00e1 muito desapareceu est\u00e1 subitamente presente, olhando diretamente para n\u00f3s.<\/p>\n\n\n\n<p class=\"wp-block-paragraph\">E, no entanto, cada retrato \u00e9 tamb\u00e9m um espelho. Ao olharmos, projectamos as nossas pr\u00f3prias emo\u00e7\u00f5es e narrativas no retratado. Quem era ele? O que estava a sentir naquele momento? E, talvez mais surpreendente, o que \u00e9 que a sua imagem revela sobre n\u00f3s?<\/p>\n\n\n\n<p class=\"wp-block-paragraph\">Das hist\u00f3rias do Instagram \u00e0s obras-primas da Renascen\u00e7a, os rostos exigem aten\u00e7\u00e3o. Os nossos c\u00e9rebros est\u00e3o programados para reparar neles - um instinto de sobreviv\u00eancia que nos ajuda a ler emo\u00e7\u00f5es, inten\u00e7\u00f5es e sinais sociais. Os retratos exploram este fasc\u00ednio, obrigando-nos a refletir e a envolvermo-nos.<\/p>\n\n\n\n<div style=\"height:53px\" aria-hidden=\"true\" class=\"wp-block-spacer\"><\/div>\n\n\n\n<h2 class=\"wp-block-heading\">Os retratos como pontes atrav\u00e9s do tempo<\/h2>\n\n\n\n<figure class=\"wp-block-image size-large\"><img loading=\"lazy\" decoding=\"async\" width=\"1024\" height=\"536\" src=\"https:\/\/madameflihan.com\/wp-content\/uploads\/2026\/01\/ddd-1024x536.jpg\" alt=\"\" class=\"wp-image-6028\" title=\"\" srcset=\"https:\/\/madameflihan.com\/wp-content\/uploads\/2026\/01\/ddd-1024x536.jpg 1024w, https:\/\/madameflihan.com\/wp-content\/uploads\/2026\/01\/ddd-980x513.jpg 980w, https:\/\/madameflihan.com\/wp-content\/uploads\/2026\/01\/ddd-480x251.jpg 480w\" sizes=\"(min-width: 0px) and (max-width: 480px) 480px, (min-width: 481px) and (max-width: 980px) 980px, (min-width: 981px) 1024px, 100vw\" \/><\/figure>\n\n\n\n<p class=\"wp-block-paragraph\">Os retratos perduram porque preenchem as lacunas temporais entre o artista e o espetador, o passado e o presente, o eu e o outro. Capturam momentos fugazes e preservam-nos durante s\u00e9culos, convidando-nos a habitar a experi\u00eancia de outrem. Cada pincelada, marca de cinzel ou pormenor fotogr\u00e1fico transporta consigo inten\u00e7\u00e3o, estilo e contexto cultural, fornecendo pistas n\u00e3o s\u00f3 sobre o sujeito, mas tamb\u00e9m sobre a \u00e9poca em que a obra foi criada. Neste sentido, o retrato \u00e9 simultaneamente um documento hist\u00f3rico e um di\u00e1logo vivo.<\/p>\n\n\n\n<div style=\"height:40px\" aria-hidden=\"true\" class=\"wp-block-spacer\"><\/div>\n\n\n\n<h2 class=\"wp-block-heading\">Experimentar os retratos na Galeria de Arte MadameFlihan<\/h2>\n\n\n\n<p class=\"wp-block-paragraph\">Na MadameFlihan Art Gallery, a nossa pr\u00f3xima exposi\u00e7\u00e3o de retratos convida os visitantes a entrarem nesta conversa. \u00c9 uma oportunidade para refletir sobre a vida da pessoa que est\u00e1 a ser retratada, a vis\u00e3o do artista e as nossas pr\u00f3prias respostas. Ao olharmos, somos convidados a considerar a identidade, a mortalidade, a emo\u00e7\u00e3o e a mem\u00f3ria - e, ao faz\u00ea-lo, a vermo-nos reflectidos. Um retrato nunca \u00e9 apenas um rosto; \u00e9 um encontro atrav\u00e9s do tempo, uma hist\u00f3ria \u00e0 espera de ser lida e uma recorda\u00e7\u00e3o da raz\u00e3o pela qual somos infinitamente atra\u00eddos uns pelos outros.<\/p>\n\n\n\n<p class=\"wp-block-paragraph\">Quer seja visto numa moldura dourada de galeria ou atrav\u00e9s do brilho de um ecr\u00e3 digital, o poder do retrato permanece o mesmo: faz-nos parar, faz-nos sentir e recorda-nos a nossa humanidade partilhada. \u00c9 um testemunho duradouro do nosso fasc\u00ednio pelos rostos, do nosso desejo de sermos reconhecidos e da nossa necessidade de nos relacionarmos, mesmo com estranhos de s\u00e9culos passados. O retrato \u00e9 simultaneamente \u00edntimo e universal - um meio intemporal atrav\u00e9s do qual a arte continua a falar aos nossos instintos humanos mais profundos.<\/p>","protected":false},"excerpt":{"rendered":"<p>Why are we drawn to portraits, even when we don\u2019t know the person staring back at us? Because faces grab our attention. In art, in social media, and in our daily lives, they are the most immediate, intimate form of human connection. From the gilded frames of Renaissance galleries to the small screens of our [&hellip;]<\/p>\n","protected":false},"author":3,"featured_media":6026,"comment_status":"open","ping_status":"open","sticky":false,"template":"","format":"standard","meta":{"_acf_changed":false,"_et_pb_use_builder":"off","_et_pb_old_content":"","_et_gb_content_width":"","footnotes":""},"categories":[613],"tags":[618,614,705],"class_list":["post-6022","post","type-post","status-publish","format-standard","has-post-thumbnail","hentry","category-art-history","tag-art-facts","tag-art-history","tag-portraits"],"acf":[],"_links":{"self":[{"href":"https:\/\/madameflihan.com\/pt\/wp-json\/wp\/v2\/posts\/6022","targetHints":{"allow":["GET"]}}],"collection":[{"href":"https:\/\/madameflihan.com\/pt\/wp-json\/wp\/v2\/posts"}],"about":[{"href":"https:\/\/madameflihan.com\/pt\/wp-json\/wp\/v2\/types\/post"}],"author":[{"embeddable":true,"href":"https:\/\/madameflihan.com\/pt\/wp-json\/wp\/v2\/users\/3"}],"replies":[{"embeddable":true,"href":"https:\/\/madameflihan.com\/pt\/wp-json\/wp\/v2\/comments?post=6022"}],"version-history":[{"count":5,"href":"https:\/\/madameflihan.com\/pt\/wp-json\/wp\/v2\/posts\/6022\/revisions"}],"predecessor-version":[{"id":6031,"href":"https:\/\/madameflihan.com\/pt\/wp-json\/wp\/v2\/posts\/6022\/revisions\/6031"}],"wp:featuredmedia":[{"embeddable":true,"href":"https:\/\/madameflihan.com\/pt\/wp-json\/wp\/v2\/media\/6026"}],"wp:attachment":[{"href":"https:\/\/madameflihan.com\/pt\/wp-json\/wp\/v2\/media?parent=6022"}],"wp:term":[{"taxonomy":"category","embeddable":true,"href":"https:\/\/madameflihan.com\/pt\/wp-json\/wp\/v2\/categories?post=6022"},{"taxonomy":"post_tag","embeddable":true,"href":"https:\/\/madameflihan.com\/pt\/wp-json\/wp\/v2\/tags?post=6022"}],"curies":[{"name":"wp","href":"https:\/\/api.w.org\/{rel}","templated":true}]}}